{"id":40569,"date":"2009-04-04T15:05:47","date_gmt":"2009-04-04T13:05:47","guid":{"rendered":"https:\/\/ircad.fr\/rencontre-avec-les-conjoints-des-chefs-detat-de-lotan\/"},"modified":"2022-02-01T10:55:33","modified_gmt":"2022-02-01T09:55:33","slug":"rencontre-avec-les-conjoints-des-chefs-detat-de-lotan","status":"publish","type":"post","link":"https:\/\/www.ircad.fr\/fr\/rencontre-avec-les-conjoints-des-chefs-detat-de-lotan\/","title":{"rendered":"Rencontre avec les conjoints des Chefs d\u2019Etat de l\u2019OTAN"},"content":{"rendered":"<p>Samedi 4 avril, dans le cadre du Sommet de l\u2019OTAN \u00e0 Strasbourg, les conjoints des Chefs d\u2019Etat de l\u2019OTAN devaient visiter l\u2019IRCAD sous la conduite du Pr. Jacques Marescaux. La visite ayant \u00e9t\u00e9 annul\u00e9e au dernier moment pour des raisons de s\u00e9curit\u00e9, une d\u00e9l\u00e9gation d\u2019invit\u00e9s de l\u2019IRCAD a \u00e9t\u00e9 officiellement re\u00e7ue dans les luxueux salons du Palais Rohan pour y rencontrer les conjoints, et en particulier la femme du Pr\u00e9sident de la R\u00e9publique Fran\u00e7aise, Madame Carla Sarkozy.<!--more--><\/p>\n\n","protected":false},"excerpt":{"rendered":"<p>Samedi 4 avril, dans le cadre du Sommet de l\u2019OTAN \u00e0 Strasbourg, les conjoints des Chefs d\u2019Etat de l\u2019OTAN devaient visiter l\u2019IRCAD sous la conduite du Pr. Jacques Marescaux. La visite ayant \u00e9t\u00e9 annul\u00e9e au dernier moment pour des raisons de s\u00e9curit\u00e9, une d\u00e9l\u00e9gation d\u2019invit\u00e9s de l\u2019IRCAD a \u00e9t\u00e9 officiellement re\u00e7ue dans les luxueux salons [&hellip;]<\/p>\n","protected":false},"author":1,"featured_media":40570,"comment_status":"closed","ping_status":"closed","sticky":false,"template":"","format":"standard","meta":{"_acf_changed":false,"footnotes":""},"categories":[967],"tags":[],"class_list":["post-40569","post","type-post","status-publish","format-standard","has-post-thumbnail","hentry","category-actualites"],"acf":[],"yoast_head":"<!-- This site is optimized with the Yoast SEO plugin v27.4 - https:\/\/yoast.com\/product\/yoast-seo-wordpress\/ -->\n<title>Rencontre avec les conjoints des Chefs d\u2019Etat de l\u2019OTAN - IRCAD<\/title>\n<meta name=\"robots\" content=\"index, follow, max-snippet:-1, max-image-preview:large, max-video-preview:-1\" \/>\n<link rel=\"canonical\" href=\"https:\/\/www.ircad.fr\/fr\/rencontre-avec-les-conjoints-des-chefs-detat-de-lotan\/\" \/>\n<meta property=\"og:locale\" content=\"fr_FR\" \/>\n<meta property=\"og:type\" content=\"article\" \/>\n<meta property=\"og:title\" content=\"Rencontre avec les conjoints des Chefs d\u2019Etat de l\u2019OTAN - IRCAD\" \/>\n<meta property=\"og:description\" content=\"Samedi 4 avril, dans le cadre du Sommet de l\u2019OTAN \u00e0 Strasbourg, les conjoints des Chefs d\u2019Etat de l\u2019OTAN devaient visiter l\u2019IRCAD sous la conduite du Pr. Jacques Marescaux. La visite ayant \u00e9t\u00e9 annul\u00e9e au dernier moment pour des raisons de s\u00e9curit\u00e9, une d\u00e9l\u00e9gation d\u2019invit\u00e9s de l\u2019IRCAD a \u00e9t\u00e9 officiellement re\u00e7ue dans les luxueux salons [&hellip;]\" \/>\n<meta property=\"og:url\" content=\"https:\/\/www.ircad.fr\/fr\/rencontre-avec-les-conjoints-des-chefs-detat-de-lotan\/\" \/>\n<meta property=\"og:site_name\" content=\"IRCAD\" \/>\n<meta property=\"article:publisher\" content=\"https:\/\/www.facebook.com\/IrcadFrance\" \/>\n<meta property=\"article:published_time\" content=\"2009-04-04T13:05:47+00:00\" \/>\n<meta property=\"article:modified_time\" content=\"2022-02-01T09:55:33+00:00\" \/>\n<meta property=\"og:image\" content=\"https:\/\/www.ircad.fr\/wp-content\/uploads\/nato-1.jpg\" \/>\n\t<meta property=\"og:image:width\" content=\"670\" \/>\n\t<meta property=\"og:image:height\" content=\"250\" \/>\n\t<meta property=\"og:image:type\" content=\"image\/jpeg\" \/>\n<meta name=\"author\" content=\"Tom\" \/>\n<meta name=\"twitter:card\" content=\"summary_large_image\" \/>\n<meta name=\"twitter:creator\" content=\"@IrcadFrance\" \/>\n<meta name=\"twitter:site\" content=\"@IrcadFrance\" \/>\n<meta name=\"twitter:label1\" content=\"\u00c9crit par\" \/>\n\t<meta name=\"twitter:data1\" content=\"Tom\" \/>\n<script type=\"application\/ld+json\" class=\"yoast-schema-graph\">{\"@context\":\"https:\\\/\\\/schema.org\",\"@graph\":[{\"@type\":\"Article\",\"@id\":\"https:\\\/\\\/www.ircad.fr\\\/fr\\\/rencontre-avec-les-conjoints-des-chefs-detat-de-lotan\\\/#article\",\"isPartOf\":{\"@id\":\"https:\\\/\\\/www.ircad.fr\\\/fr\\\/rencontre-avec-les-conjoints-des-chefs-detat-de-lotan\\\/\"},\"author\":{\"name\":\"Tom\",\"@id\":\"https:\\\/\\\/www.ircad.fr\\\/#\\\/schema\\\/person\\\/56482ddc36b46832bd86a55c49122613\"},\"headline\":\"Rencontre avec les conjoints des Chefs d\u2019Etat de l\u2019OTAN\",\"datePublished\":\"2009-04-04T13:05:47+00:00\",\"dateModified\":\"2022-02-01T09:55:33+00:00\",\"mainEntityOfPage\":{\"@id\":\"https:\\\/\\\/www.ircad.fr\\\/fr\\\/rencontre-avec-les-conjoints-des-chefs-detat-de-lotan\\\/\"},\"wordCount\":103,\"image\":{\"@id\":\"https:\\\/\\\/www.ircad.fr\\\/fr\\\/rencontre-avec-les-conjoints-des-chefs-detat-de-lotan\\\/#primaryimage\"},\"thumbnailUrl\":\"https:\\\/\\\/www.ircad.fr\\\/wp-content\\\/uploads\\\/nato-1.jpg\",\"articleSection\":[\"Actualit\u00e9s\"],\"inLanguage\":\"fr-FR\"},{\"@type\":\"WebPage\",\"@id\":\"https:\\\/\\\/www.ircad.fr\\\/fr\\\/rencontre-avec-les-conjoints-des-chefs-detat-de-lotan\\\/\",\"url\":\"https:\\\/\\\/www.ircad.fr\\\/fr\\\/rencontre-avec-les-conjoints-des-chefs-detat-de-lotan\\\/\",\"name\":\"Rencontre avec les conjoints des Chefs d\u2019Etat de l\u2019OTAN - IRCAD\",\"isPartOf\":{\"@id\":\"https:\\\/\\\/www.ircad.fr\\\/#website\"},\"primaryImageOfPage\":{\"@id\":\"https:\\\/\\\/www.ircad.fr\\\/fr\\\/rencontre-avec-les-conjoints-des-chefs-detat-de-lotan\\\/#primaryimage\"},\"image\":{\"@id\":\"https:\\\/\\\/www.ircad.fr\\\/fr\\\/rencontre-avec-les-conjoints-des-chefs-detat-de-lotan\\\/#primaryimage\"},\"thumbnailUrl\":\"https:\\\/\\\/www.ircad.fr\\\/wp-content\\\/uploads\\\/nato-1.jpg\",\"datePublished\":\"2009-04-04T13:05:47+00:00\",\"dateModified\":\"2022-02-01T09:55:33+00:00\",\"author\":{\"@id\":\"https:\\\/\\\/www.ircad.fr\\\/#\\\/schema\\\/person\\\/56482ddc36b46832bd86a55c49122613\"},\"breadcrumb\":{\"@id\":\"https:\\\/\\\/www.ircad.fr\\\/fr\\\/rencontre-avec-les-conjoints-des-chefs-detat-de-lotan\\\/#breadcrumb\"},\"inLanguage\":\"fr-FR\",\"potentialAction\":[{\"@type\":\"ReadAction\",\"target\":[\"https:\\\/\\\/www.ircad.fr\\\/fr\\\/rencontre-avec-les-conjoints-des-chefs-detat-de-lotan\\\/\"]}]},{\"@type\":\"ImageObject\",\"inLanguage\":\"fr-FR\",\"@id\":\"https:\\\/\\\/www.ircad.fr\\\/fr\\\/rencontre-avec-les-conjoints-des-chefs-detat-de-lotan\\\/#primaryimage\",\"url\":\"https:\\\/\\\/www.ircad.fr\\\/wp-content\\\/uploads\\\/nato-1.jpg\",\"contentUrl\":\"https:\\\/\\\/www.ircad.fr\\\/wp-content\\\/uploads\\\/nato-1.jpg\",\"width\":670,\"height\":250},{\"@type\":\"BreadcrumbList\",\"@id\":\"https:\\\/\\\/www.ircad.fr\\\/fr\\\/rencontre-avec-les-conjoints-des-chefs-detat-de-lotan\\\/#breadcrumb\",\"itemListElement\":[{\"@type\":\"ListItem\",\"position\":1,\"name\":\"Home\",\"item\":\"https:\\\/\\\/www.ircad.fr\\\/\"},{\"@type\":\"ListItem\",\"position\":2,\"name\":\"Rencontre avec les conjoints des Chefs d\u2019Etat de l\u2019OTAN\"}]},{\"@type\":\"WebSite\",\"@id\":\"https:\\\/\\\/www.ircad.fr\\\/#website\",\"url\":\"https:\\\/\\\/www.ircad.fr\\\/\",\"name\":\"IRCAD - Laparoscopic training center\",\"description\":\"There is no better way to learn\",\"potentialAction\":[{\"@type\":\"SearchAction\",\"target\":{\"@type\":\"EntryPoint\",\"urlTemplate\":\"https:\\\/\\\/www.ircad.fr\\\/?s={search_term_string}\"},\"query-input\":{\"@type\":\"PropertyValueSpecification\",\"valueRequired\":true,\"valueName\":\"search_term_string\"}}],\"inLanguage\":\"fr-FR\"},{\"@type\":\"Person\",\"@id\":\"https:\\\/\\\/www.ircad.fr\\\/#\\\/schema\\\/person\\\/56482ddc36b46832bd86a55c49122613\",\"name\":\"Tom\",\"image\":{\"@type\":\"ImageObject\",\"inLanguage\":\"fr-FR\",\"@id\":\"https:\\\/\\\/secure.gravatar.com\\\/avatar\\\/0339a624d7c0d47aa9fd9f17069b6c06170704ab95bcc026c7e7e19657249ea1?s=96&d=mm&r=g\",\"url\":\"https:\\\/\\\/secure.gravatar.com\\\/avatar\\\/0339a624d7c0d47aa9fd9f17069b6c06170704ab95bcc026c7e7e19657249ea1?s=96&d=mm&r=g\",\"contentUrl\":\"https:\\\/\\\/secure.gravatar.com\\\/avatar\\\/0339a624d7c0d47aa9fd9f17069b6c06170704ab95bcc026c7e7e19657249ea1?s=96&d=mm&r=g\",\"caption\":\"Tom\"},\"url\":\"https:\\\/\\\/www.ircad.fr\\\/fr\\\/author\\\/websurg\\\/\"}]}<\/script>\n<!-- \/ Yoast SEO plugin. -->","yoast_head_json":{"title":"Rencontre avec les conjoints des Chefs d\u2019Etat de l\u2019OTAN - IRCAD","robots":{"index":"index","follow":"follow","max-snippet":"max-snippet:-1","max-image-preview":"max-image-preview:large","max-video-preview":"max-video-preview:-1"},"canonical":"https:\/\/www.ircad.fr\/fr\/rencontre-avec-les-conjoints-des-chefs-detat-de-lotan\/","og_locale":"fr_FR","og_type":"article","og_title":"Rencontre avec les conjoints des Chefs d\u2019Etat de l\u2019OTAN - IRCAD","og_description":"Samedi 4 avril, dans le cadre du Sommet de l\u2019OTAN \u00e0 Strasbourg, les conjoints des Chefs d\u2019Etat de l\u2019OTAN devaient visiter l\u2019IRCAD sous la conduite du Pr. Jacques Marescaux. La visite ayant \u00e9t\u00e9 annul\u00e9e au dernier moment pour des raisons de s\u00e9curit\u00e9, une d\u00e9l\u00e9gation d\u2019invit\u00e9s de l\u2019IRCAD a \u00e9t\u00e9 officiellement re\u00e7ue dans les luxueux salons [&hellip;]","og_url":"https:\/\/www.ircad.fr\/fr\/rencontre-avec-les-conjoints-des-chefs-detat-de-lotan\/","og_site_name":"IRCAD","article_publisher":"https:\/\/www.facebook.com\/IrcadFrance","article_published_time":"2009-04-04T13:05:47+00:00","article_modified_time":"2022-02-01T09:55:33+00:00","og_image":[{"width":670,"height":250,"url":"https:\/\/www.ircad.fr\/wp-content\/uploads\/nato-1.jpg","type":"image\/jpeg"}],"author":"Tom","twitter_card":"summary_large_image","twitter_creator":"@IrcadFrance","twitter_site":"@IrcadFrance","twitter_misc":{"\u00c9crit par":"Tom"},"schema":{"@context":"https:\/\/schema.org","@graph":[{"@type":"Article","@id":"https:\/\/www.ircad.fr\/fr\/rencontre-avec-les-conjoints-des-chefs-detat-de-lotan\/#article","isPartOf":{"@id":"https:\/\/www.ircad.fr\/fr\/rencontre-avec-les-conjoints-des-chefs-detat-de-lotan\/"},"author":{"name":"Tom","@id":"https:\/\/www.ircad.fr\/#\/schema\/person\/56482ddc36b46832bd86a55c49122613"},"headline":"Rencontre avec les conjoints des Chefs d\u2019Etat de l\u2019OTAN","datePublished":"2009-04-04T13:05:47+00:00","dateModified":"2022-02-01T09:55:33+00:00","mainEntityOfPage":{"@id":"https:\/\/www.ircad.fr\/fr\/rencontre-avec-les-conjoints-des-chefs-detat-de-lotan\/"},"wordCount":103,"image":{"@id":"https:\/\/www.ircad.fr\/fr\/rencontre-avec-les-conjoints-des-chefs-detat-de-lotan\/#primaryimage"},"thumbnailUrl":"https:\/\/www.ircad.fr\/wp-content\/uploads\/nato-1.jpg","articleSection":["Actualit\u00e9s"],"inLanguage":"fr-FR"},{"@type":"WebPage","@id":"https:\/\/www.ircad.fr\/fr\/rencontre-avec-les-conjoints-des-chefs-detat-de-lotan\/","url":"https:\/\/www.ircad.fr\/fr\/rencontre-avec-les-conjoints-des-chefs-detat-de-lotan\/","name":"Rencontre avec les conjoints des Chefs d\u2019Etat de l\u2019OTAN - IRCAD","isPartOf":{"@id":"https:\/\/www.ircad.fr\/#website"},"primaryImageOfPage":{"@id":"https:\/\/www.ircad.fr\/fr\/rencontre-avec-les-conjoints-des-chefs-detat-de-lotan\/#primaryimage"},"image":{"@id":"https:\/\/www.ircad.fr\/fr\/rencontre-avec-les-conjoints-des-chefs-detat-de-lotan\/#primaryimage"},"thumbnailUrl":"https:\/\/www.ircad.fr\/wp-content\/uploads\/nato-1.jpg","datePublished":"2009-04-04T13:05:47+00:00","dateModified":"2022-02-01T09:55:33+00:00","author":{"@id":"https:\/\/www.ircad.fr\/#\/schema\/person\/56482ddc36b46832bd86a55c49122613"},"breadcrumb":{"@id":"https:\/\/www.ircad.fr\/fr\/rencontre-avec-les-conjoints-des-chefs-detat-de-lotan\/#breadcrumb"},"inLanguage":"fr-FR","potentialAction":[{"@type":"ReadAction","target":["https:\/\/www.ircad.fr\/fr\/rencontre-avec-les-conjoints-des-chefs-detat-de-lotan\/"]}]},{"@type":"ImageObject","inLanguage":"fr-FR","@id":"https:\/\/www.ircad.fr\/fr\/rencontre-avec-les-conjoints-des-chefs-detat-de-lotan\/#primaryimage","url":"https:\/\/www.ircad.fr\/wp-content\/uploads\/nato-1.jpg","contentUrl":"https:\/\/www.ircad.fr\/wp-content\/uploads\/nato-1.jpg","width":670,"height":250},{"@type":"BreadcrumbList","@id":"https:\/\/www.ircad.fr\/fr\/rencontre-avec-les-conjoints-des-chefs-detat-de-lotan\/#breadcrumb","itemListElement":[{"@type":"ListItem","position":1,"name":"Home","item":"https:\/\/www.ircad.fr\/"},{"@type":"ListItem","position":2,"name":"Rencontre avec les conjoints des Chefs d\u2019Etat de l\u2019OTAN"}]},{"@type":"WebSite","@id":"https:\/\/www.ircad.fr\/#website","url":"https:\/\/www.ircad.fr\/","name":"IRCAD - Laparoscopic training center","description":"There is no better way to learn","potentialAction":[{"@type":"SearchAction","target":{"@type":"EntryPoint","urlTemplate":"https:\/\/www.ircad.fr\/?s={search_term_string}"},"query-input":{"@type":"PropertyValueSpecification","valueRequired":true,"valueName":"search_term_string"}}],"inLanguage":"fr-FR"},{"@type":"Person","@id":"https:\/\/www.ircad.fr\/#\/schema\/person\/56482ddc36b46832bd86a55c49122613","name":"Tom","image":{"@type":"ImageObject","inLanguage":"fr-FR","@id":"https:\/\/secure.gravatar.com\/avatar\/0339a624d7c0d47aa9fd9f17069b6c06170704ab95bcc026c7e7e19657249ea1?s=96&d=mm&r=g","url":"https:\/\/secure.gravatar.com\/avatar\/0339a624d7c0d47aa9fd9f17069b6c06170704ab95bcc026c7e7e19657249ea1?s=96&d=mm&r=g","contentUrl":"https:\/\/secure.gravatar.com\/avatar\/0339a624d7c0d47aa9fd9f17069b6c06170704ab95bcc026c7e7e19657249ea1?s=96&d=mm&r=g","caption":"Tom"},"url":"https:\/\/www.ircad.fr\/fr\/author\/websurg\/"}]}},"publishpress_future_action":{"enabled":false,"date":"2026-05-07 11:56:55","action":"change-status","newStatus":"draft","terms":[],"taxonomy":"category","extraData":[]},"publishpress_future_workflow_manual_trigger":{"enabledWorkflows":[]},"_links":{"self":[{"href":"https:\/\/www.ircad.fr\/fr\/wp-json\/wp\/v2\/posts\/40569","targetHints":{"allow":["GET"]}}],"collection":[{"href":"https:\/\/www.ircad.fr\/fr\/wp-json\/wp\/v2\/posts"}],"about":[{"href":"https:\/\/www.ircad.fr\/fr\/wp-json\/wp\/v2\/types\/post"}],"author":[{"embeddable":true,"href":"https:\/\/www.ircad.fr\/fr\/wp-json\/wp\/v2\/users\/1"}],"replies":[{"embeddable":true,"href":"https:\/\/www.ircad.fr\/fr\/wp-json\/wp\/v2\/comments?post=40569"}],"version-history":[{"count":1,"href":"https:\/\/www.ircad.fr\/fr\/wp-json\/wp\/v2\/posts\/40569\/revisions"}],"predecessor-version":[{"id":67938,"href":"https:\/\/www.ircad.fr\/fr\/wp-json\/wp\/v2\/posts\/40569\/revisions\/67938"}],"wp:featuredmedia":[{"embeddable":true,"href":"https:\/\/www.ircad.fr\/fr\/wp-json\/wp\/v2\/media\/40570"}],"wp:attachment":[{"href":"https:\/\/www.ircad.fr\/fr\/wp-json\/wp\/v2\/media?parent=40569"}],"wp:term":[{"taxonomy":"category","embeddable":true,"href":"https:\/\/www.ircad.fr\/fr\/wp-json\/wp\/v2\/categories?post=40569"},{"taxonomy":"post_tag","embeddable":true,"href":"https:\/\/www.ircad.fr\/fr\/wp-json\/wp\/v2\/tags?post=40569"}],"curies":[{"name":"wp","href":"https:\/\/api.w.org\/{rel}","templated":true}]}}