{"id":74480,"date":"2022-04-12T14:39:52","date_gmt":"2022-04-12T12:39:52","guid":{"rendered":"https:\/\/www.ircad.fr\/?p=74480"},"modified":"2022-04-12T14:39:52","modified_gmt":"2022-04-12T12:39:52","slug":"lhotel-les-haras-classe-parmi-les-100-plus-beaux-hotels-du-monde-par-les-hotel-lodge-meetings-awards","status":"publish","type":"post","link":"https:\/\/www.ircad.fr\/fr\/lhotel-les-haras-classe-parmi-les-100-plus-beaux-hotels-du-monde-par-les-hotel-lodge-meetings-awards\/","title":{"rendered":"L\u2019H\u00f4tel\u00a0Les Haras**** class\u00e9 parmi les 100 plus beaux h\u00f4tels du monde par les \u00ab\u00a0H\u00f4tel &#038; Lodge Meetings &#038; Awards\u00a0\u00bb\u00a0"},"content":{"rendered":"<p><span lang=\"fr\">L\u2019H\u00f4tel Les Haras**** a \u00e9t\u00e9 class\u00e9 parmi les 100 plus beaux h\u00f4tels du monde par les \u00ab\u00a0H\u00f4tel &amp; Lodge Meetings &amp; Awards\u00a0\u00bb. Il a re\u00e7u la 6\u00e8me place dans la cat\u00e9gorie \u00ab\u00a0Meilleur H\u00f4tel Design\u00a0\u00bb, gr\u00e2ce \u00e0 son architecture exceptionnelle sign\u00e9e par le studio Jouin Manku.\u00a0\u00a0<\/span><\/p>\n<p><span lang=\"fr\">Le magazine fran\u00e7ais \u00ab\u00a0H\u00f4tel &amp; Lodge\u00a0\u00bb est sp\u00e9cialis\u00e9 dans l\u2019h\u00f4tellerie de luxe et le voyage d\u2019exception.\u00a0Nous sommes tr\u00e8s fiers de cette r\u00e9compense.\u00a0\u00a0<\/span><\/p>\n","protected":false},"excerpt":{"rendered":"<p>L\u2019H\u00f4tel Les Haras**** a \u00e9t\u00e9 class\u00e9 parmi les 100 plus beaux h\u00f4tels du monde par les \u00ab\u00a0H\u00f4tel &amp; Lodge Meetings &amp; Awards\u00a0\u00bb. Il a re\u00e7u la 6\u00e8me place dans la cat\u00e9gorie \u00ab\u00a0Meilleur H\u00f4tel Design\u00a0\u00bb, gr\u00e2ce \u00e0 son architecture exceptionnelle sign\u00e9e par le studio Jouin Manku.\u00a0\u00a0 Le magazine fran\u00e7ais \u00ab\u00a0H\u00f4tel &amp; Lodge\u00a0\u00bb est sp\u00e9cialis\u00e9 dans l\u2019h\u00f4tellerie [&hellip;]<\/p>\n","protected":false},"author":7,"featured_media":74478,"comment_status":"closed","ping_status":"closed","sticky":false,"template":"","format":"standard","meta":{"_acf_changed":false,"footnotes":""},"categories":[967,1023,969],"tags":[],"class_list":["post-74480","post","type-post","status-publish","format-standard","has-post-thumbnail","hentry","category-actualites","category-focus-home-fr","category-news-2-fr"],"acf":[],"yoast_head":"<!-- This site is optimized with the Yoast SEO plugin v27.4 - https:\/\/yoast.com\/product\/yoast-seo-wordpress\/ -->\n<title>L\u2019H\u00f4tel\u00a0Les Haras**** class\u00e9 parmi les 100 plus beaux h\u00f4tels du monde par les \u00ab\u00a0H\u00f4tel &amp; Lodge Meetings &amp; Awards\u00a0\u00bb\u00a0 - IRCAD<\/title>\n<meta name=\"robots\" content=\"index, follow, max-snippet:-1, max-image-preview:large, max-video-preview:-1\" \/>\n<link rel=\"canonical\" href=\"https:\/\/www.ircad.fr\/fr\/lhotel-les-haras-classe-parmi-les-100-plus-beaux-hotels-du-monde-par-les-hotel-lodge-meetings-awards\/\" \/>\n<meta property=\"og:locale\" content=\"fr_FR\" \/>\n<meta property=\"og:type\" content=\"article\" \/>\n<meta property=\"og:title\" content=\"L\u2019H\u00f4tel\u00a0Les Haras**** class\u00e9 parmi les 100 plus beaux h\u00f4tels du monde par les \u00ab\u00a0H\u00f4tel &amp; Lodge Meetings &amp; Awards\u00a0\u00bb\u00a0 - IRCAD\" \/>\n<meta property=\"og:description\" content=\"L\u2019H\u00f4tel Les Haras**** a \u00e9t\u00e9 class\u00e9 parmi les 100 plus beaux h\u00f4tels du monde par les \u00ab\u00a0H\u00f4tel &amp; Lodge Meetings &amp; Awards\u00a0\u00bb. Il a re\u00e7u la 6\u00e8me place dans la cat\u00e9gorie \u00ab\u00a0Meilleur H\u00f4tel Design\u00a0\u00bb, gr\u00e2ce \u00e0 son architecture exceptionnelle sign\u00e9e par le studio Jouin Manku.\u00a0\u00a0 Le magazine fran\u00e7ais \u00ab\u00a0H\u00f4tel &amp; Lodge\u00a0\u00bb est sp\u00e9cialis\u00e9 dans l\u2019h\u00f4tellerie [&hellip;]\" \/>\n<meta property=\"og:url\" content=\"https:\/\/www.ircad.fr\/fr\/lhotel-les-haras-classe-parmi-les-100-plus-beaux-hotels-du-monde-par-les-hotel-lodge-meetings-awards\/\" \/>\n<meta property=\"og:site_name\" content=\"IRCAD\" \/>\n<meta property=\"article:publisher\" content=\"https:\/\/www.facebook.com\/IrcadFrance\" \/>\n<meta property=\"article:published_time\" content=\"2022-04-12T12:39:52+00:00\" \/>\n<meta property=\"og:image\" content=\"https:\/\/www.ircad.fr\/wp-content\/uploads\/LesHaras_JouinManku_photo_NicolasMatheus_8930-scaled.jpg\" \/>\n\t<meta property=\"og:image:width\" content=\"2560\" \/>\n\t<meta property=\"og:image:height\" content=\"1709\" \/>\n\t<meta property=\"og:image:type\" content=\"image\/jpeg\" \/>\n<meta name=\"author\" content=\"Diebold Margaux\" \/>\n<meta name=\"twitter:card\" content=\"summary_large_image\" \/>\n<meta name=\"twitter:creator\" content=\"@IrcadFrance\" \/>\n<meta name=\"twitter:site\" content=\"@IrcadFrance\" \/>\n<meta name=\"twitter:label1\" content=\"\u00c9crit par\" \/>\n\t<meta name=\"twitter:data1\" content=\"Diebold Margaux\" \/>\n<script type=\"application\/ld+json\" class=\"yoast-schema-graph\">{\"@context\":\"https:\\\/\\\/schema.org\",\"@graph\":[{\"@type\":\"Article\",\"@id\":\"https:\\\/\\\/www.ircad.fr\\\/fr\\\/lhotel-les-haras-classe-parmi-les-100-plus-beaux-hotels-du-monde-par-les-hotel-lodge-meetings-awards\\\/#article\",\"isPartOf\":{\"@id\":\"https:\\\/\\\/www.ircad.fr\\\/fr\\\/lhotel-les-haras-classe-parmi-les-100-plus-beaux-hotels-du-monde-par-les-hotel-lodge-meetings-awards\\\/\"},\"author\":{\"name\":\"Diebold Margaux\",\"@id\":\"https:\\\/\\\/www.ircad.fr\\\/#\\\/schema\\\/person\\\/84e95c7ff106bd2f9b0e97977075d6e1\"},\"headline\":\"L\u2019H\u00f4tel\u00a0Les Haras**** class\u00e9 parmi les 100 plus beaux h\u00f4tels du monde par les \u00ab\u00a0H\u00f4tel &#038; Lodge Meetings &#038; Awards\u00a0\u00bb\u00a0\",\"datePublished\":\"2022-04-12T12:39:52+00:00\",\"mainEntityOfPage\":{\"@id\":\"https:\\\/\\\/www.ircad.fr\\\/fr\\\/lhotel-les-haras-classe-parmi-les-100-plus-beaux-hotels-du-monde-par-les-hotel-lodge-meetings-awards\\\/\"},\"wordCount\":104,\"image\":{\"@id\":\"https:\\\/\\\/www.ircad.fr\\\/fr\\\/lhotel-les-haras-classe-parmi-les-100-plus-beaux-hotels-du-monde-par-les-hotel-lodge-meetings-awards\\\/#primaryimage\"},\"thumbnailUrl\":\"https:\\\/\\\/www.ircad.fr\\\/wp-content\\\/uploads\\\/LesHaras_JouinManku_photo_NicolasMatheus_8930-scaled.jpg\",\"articleSection\":[\"Actualit\u00e9s\",\"Focus home\",\"News-2\"],\"inLanguage\":\"fr-FR\"},{\"@type\":\"WebPage\",\"@id\":\"https:\\\/\\\/www.ircad.fr\\\/fr\\\/lhotel-les-haras-classe-parmi-les-100-plus-beaux-hotels-du-monde-par-les-hotel-lodge-meetings-awards\\\/\",\"url\":\"https:\\\/\\\/www.ircad.fr\\\/fr\\\/lhotel-les-haras-classe-parmi-les-100-plus-beaux-hotels-du-monde-par-les-hotel-lodge-meetings-awards\\\/\",\"name\":\"L\u2019H\u00f4tel\u00a0Les Haras**** class\u00e9 parmi les 100 plus beaux h\u00f4tels du monde par les \u00ab\u00a0H\u00f4tel & Lodge Meetings & Awards\u00a0\u00bb\u00a0 - IRCAD\",\"isPartOf\":{\"@id\":\"https:\\\/\\\/www.ircad.fr\\\/#website\"},\"primaryImageOfPage\":{\"@id\":\"https:\\\/\\\/www.ircad.fr\\\/fr\\\/lhotel-les-haras-classe-parmi-les-100-plus-beaux-hotels-du-monde-par-les-hotel-lodge-meetings-awards\\\/#primaryimage\"},\"image\":{\"@id\":\"https:\\\/\\\/www.ircad.fr\\\/fr\\\/lhotel-les-haras-classe-parmi-les-100-plus-beaux-hotels-du-monde-par-les-hotel-lodge-meetings-awards\\\/#primaryimage\"},\"thumbnailUrl\":\"https:\\\/\\\/www.ircad.fr\\\/wp-content\\\/uploads\\\/LesHaras_JouinManku_photo_NicolasMatheus_8930-scaled.jpg\",\"datePublished\":\"2022-04-12T12:39:52+00:00\",\"author\":{\"@id\":\"https:\\\/\\\/www.ircad.fr\\\/#\\\/schema\\\/person\\\/84e95c7ff106bd2f9b0e97977075d6e1\"},\"breadcrumb\":{\"@id\":\"https:\\\/\\\/www.ircad.fr\\\/fr\\\/lhotel-les-haras-classe-parmi-les-100-plus-beaux-hotels-du-monde-par-les-hotel-lodge-meetings-awards\\\/#breadcrumb\"},\"inLanguage\":\"fr-FR\",\"potentialAction\":[{\"@type\":\"ReadAction\",\"target\":[\"https:\\\/\\\/www.ircad.fr\\\/fr\\\/lhotel-les-haras-classe-parmi-les-100-plus-beaux-hotels-du-monde-par-les-hotel-lodge-meetings-awards\\\/\"]}]},{\"@type\":\"ImageObject\",\"inLanguage\":\"fr-FR\",\"@id\":\"https:\\\/\\\/www.ircad.fr\\\/fr\\\/lhotel-les-haras-classe-parmi-les-100-plus-beaux-hotels-du-monde-par-les-hotel-lodge-meetings-awards\\\/#primaryimage\",\"url\":\"https:\\\/\\\/www.ircad.fr\\\/wp-content\\\/uploads\\\/LesHaras_JouinManku_photo_NicolasMatheus_8930-scaled.jpg\",\"contentUrl\":\"https:\\\/\\\/www.ircad.fr\\\/wp-content\\\/uploads\\\/LesHaras_JouinManku_photo_NicolasMatheus_8930-scaled.jpg\",\"width\":2560,\"height\":1709},{\"@type\":\"BreadcrumbList\",\"@id\":\"https:\\\/\\\/www.ircad.fr\\\/fr\\\/lhotel-les-haras-classe-parmi-les-100-plus-beaux-hotels-du-monde-par-les-hotel-lodge-meetings-awards\\\/#breadcrumb\",\"itemListElement\":[{\"@type\":\"ListItem\",\"position\":1,\"name\":\"Home\",\"item\":\"https:\\\/\\\/www.ircad.fr\\\/\"},{\"@type\":\"ListItem\",\"position\":2,\"name\":\"L\u2019H\u00f4tel\u00a0Les Haras**** class\u00e9 parmi les 100 plus beaux h\u00f4tels du monde par les \u00ab\u00a0H\u00f4tel &#038; Lodge Meetings &#038; Awards\u00a0\u00bb\u00a0\"}]},{\"@type\":\"WebSite\",\"@id\":\"https:\\\/\\\/www.ircad.fr\\\/#website\",\"url\":\"https:\\\/\\\/www.ircad.fr\\\/\",\"name\":\"IRCAD - Laparoscopic training center\",\"description\":\"There is no better way to learn\",\"potentialAction\":[{\"@type\":\"SearchAction\",\"target\":{\"@type\":\"EntryPoint\",\"urlTemplate\":\"https:\\\/\\\/www.ircad.fr\\\/?s={search_term_string}\"},\"query-input\":{\"@type\":\"PropertyValueSpecification\",\"valueRequired\":true,\"valueName\":\"search_term_string\"}}],\"inLanguage\":\"fr-FR\"},{\"@type\":\"Person\",\"@id\":\"https:\\\/\\\/www.ircad.fr\\\/#\\\/schema\\\/person\\\/84e95c7ff106bd2f9b0e97977075d6e1\",\"name\":\"Diebold Margaux\",\"image\":{\"@type\":\"ImageObject\",\"inLanguage\":\"fr-FR\",\"@id\":\"https:\\\/\\\/secure.gravatar.com\\\/avatar\\\/28bd4df8e3c80bad8daa708a4a5f97c29f129f9721f249485cd15b4fecba1208?s=96&d=mm&r=g\",\"url\":\"https:\\\/\\\/secure.gravatar.com\\\/avatar\\\/28bd4df8e3c80bad8daa708a4a5f97c29f129f9721f249485cd15b4fecba1208?s=96&d=mm&r=g\",\"contentUrl\":\"https:\\\/\\\/secure.gravatar.com\\\/avatar\\\/28bd4df8e3c80bad8daa708a4a5f97c29f129f9721f249485cd15b4fecba1208?s=96&d=mm&r=g\",\"caption\":\"Diebold Margaux\"},\"url\":\"https:\\\/\\\/www.ircad.fr\\\/fr\\\/author\\\/margaux\\\/\"}]}<\/script>\n<!-- \/ Yoast SEO plugin. -->","yoast_head_json":{"title":"L\u2019H\u00f4tel\u00a0Les Haras**** class\u00e9 parmi les 100 plus beaux h\u00f4tels du monde par les \u00ab\u00a0H\u00f4tel & Lodge Meetings & Awards\u00a0\u00bb\u00a0 - IRCAD","robots":{"index":"index","follow":"follow","max-snippet":"max-snippet:-1","max-image-preview":"max-image-preview:large","max-video-preview":"max-video-preview:-1"},"canonical":"https:\/\/www.ircad.fr\/fr\/lhotel-les-haras-classe-parmi-les-100-plus-beaux-hotels-du-monde-par-les-hotel-lodge-meetings-awards\/","og_locale":"fr_FR","og_type":"article","og_title":"L\u2019H\u00f4tel\u00a0Les Haras**** class\u00e9 parmi les 100 plus beaux h\u00f4tels du monde par les \u00ab\u00a0H\u00f4tel & Lodge Meetings & Awards\u00a0\u00bb\u00a0 - IRCAD","og_description":"L\u2019H\u00f4tel Les Haras**** a \u00e9t\u00e9 class\u00e9 parmi les 100 plus beaux h\u00f4tels du monde par les \u00ab\u00a0H\u00f4tel &amp; Lodge Meetings &amp; Awards\u00a0\u00bb. Il a re\u00e7u la 6\u00e8me place dans la cat\u00e9gorie \u00ab\u00a0Meilleur H\u00f4tel Design\u00a0\u00bb, gr\u00e2ce \u00e0 son architecture exceptionnelle sign\u00e9e par le studio Jouin Manku.\u00a0\u00a0 Le magazine fran\u00e7ais \u00ab\u00a0H\u00f4tel &amp; Lodge\u00a0\u00bb est sp\u00e9cialis\u00e9 dans l\u2019h\u00f4tellerie [&hellip;]","og_url":"https:\/\/www.ircad.fr\/fr\/lhotel-les-haras-classe-parmi-les-100-plus-beaux-hotels-du-monde-par-les-hotel-lodge-meetings-awards\/","og_site_name":"IRCAD","article_publisher":"https:\/\/www.facebook.com\/IrcadFrance","article_published_time":"2022-04-12T12:39:52+00:00","og_image":[{"width":2560,"height":1709,"url":"https:\/\/www.ircad.fr\/wp-content\/uploads\/LesHaras_JouinManku_photo_NicolasMatheus_8930-scaled.jpg","type":"image\/jpeg"}],"author":"Diebold Margaux","twitter_card":"summary_large_image","twitter_creator":"@IrcadFrance","twitter_site":"@IrcadFrance","twitter_misc":{"\u00c9crit par":"Diebold Margaux"},"schema":{"@context":"https:\/\/schema.org","@graph":[{"@type":"Article","@id":"https:\/\/www.ircad.fr\/fr\/lhotel-les-haras-classe-parmi-les-100-plus-beaux-hotels-du-monde-par-les-hotel-lodge-meetings-awards\/#article","isPartOf":{"@id":"https:\/\/www.ircad.fr\/fr\/lhotel-les-haras-classe-parmi-les-100-plus-beaux-hotels-du-monde-par-les-hotel-lodge-meetings-awards\/"},"author":{"name":"Diebold Margaux","@id":"https:\/\/www.ircad.fr\/#\/schema\/person\/84e95c7ff106bd2f9b0e97977075d6e1"},"headline":"L\u2019H\u00f4tel\u00a0Les Haras**** class\u00e9 parmi les 100 plus beaux h\u00f4tels du monde par les \u00ab\u00a0H\u00f4tel &#038; Lodge Meetings &#038; Awards\u00a0\u00bb\u00a0","datePublished":"2022-04-12T12:39:52+00:00","mainEntityOfPage":{"@id":"https:\/\/www.ircad.fr\/fr\/lhotel-les-haras-classe-parmi-les-100-plus-beaux-hotels-du-monde-par-les-hotel-lodge-meetings-awards\/"},"wordCount":104,"image":{"@id":"https:\/\/www.ircad.fr\/fr\/lhotel-les-haras-classe-parmi-les-100-plus-beaux-hotels-du-monde-par-les-hotel-lodge-meetings-awards\/#primaryimage"},"thumbnailUrl":"https:\/\/www.ircad.fr\/wp-content\/uploads\/LesHaras_JouinManku_photo_NicolasMatheus_8930-scaled.jpg","articleSection":["Actualit\u00e9s","Focus home","News-2"],"inLanguage":"fr-FR"},{"@type":"WebPage","@id":"https:\/\/www.ircad.fr\/fr\/lhotel-les-haras-classe-parmi-les-100-plus-beaux-hotels-du-monde-par-les-hotel-lodge-meetings-awards\/","url":"https:\/\/www.ircad.fr\/fr\/lhotel-les-haras-classe-parmi-les-100-plus-beaux-hotels-du-monde-par-les-hotel-lodge-meetings-awards\/","name":"L\u2019H\u00f4tel\u00a0Les Haras**** class\u00e9 parmi les 100 plus beaux h\u00f4tels du monde par les \u00ab\u00a0H\u00f4tel & Lodge Meetings & Awards\u00a0\u00bb\u00a0 - IRCAD","isPartOf":{"@id":"https:\/\/www.ircad.fr\/#website"},"primaryImageOfPage":{"@id":"https:\/\/www.ircad.fr\/fr\/lhotel-les-haras-classe-parmi-les-100-plus-beaux-hotels-du-monde-par-les-hotel-lodge-meetings-awards\/#primaryimage"},"image":{"@id":"https:\/\/www.ircad.fr\/fr\/lhotel-les-haras-classe-parmi-les-100-plus-beaux-hotels-du-monde-par-les-hotel-lodge-meetings-awards\/#primaryimage"},"thumbnailUrl":"https:\/\/www.ircad.fr\/wp-content\/uploads\/LesHaras_JouinManku_photo_NicolasMatheus_8930-scaled.jpg","datePublished":"2022-04-12T12:39:52+00:00","author":{"@id":"https:\/\/www.ircad.fr\/#\/schema\/person\/84e95c7ff106bd2f9b0e97977075d6e1"},"breadcrumb":{"@id":"https:\/\/www.ircad.fr\/fr\/lhotel-les-haras-classe-parmi-les-100-plus-beaux-hotels-du-monde-par-les-hotel-lodge-meetings-awards\/#breadcrumb"},"inLanguage":"fr-FR","potentialAction":[{"@type":"ReadAction","target":["https:\/\/www.ircad.fr\/fr\/lhotel-les-haras-classe-parmi-les-100-plus-beaux-hotels-du-monde-par-les-hotel-lodge-meetings-awards\/"]}]},{"@type":"ImageObject","inLanguage":"fr-FR","@id":"https:\/\/www.ircad.fr\/fr\/lhotel-les-haras-classe-parmi-les-100-plus-beaux-hotels-du-monde-par-les-hotel-lodge-meetings-awards\/#primaryimage","url":"https:\/\/www.ircad.fr\/wp-content\/uploads\/LesHaras_JouinManku_photo_NicolasMatheus_8930-scaled.jpg","contentUrl":"https:\/\/www.ircad.fr\/wp-content\/uploads\/LesHaras_JouinManku_photo_NicolasMatheus_8930-scaled.jpg","width":2560,"height":1709},{"@type":"BreadcrumbList","@id":"https:\/\/www.ircad.fr\/fr\/lhotel-les-haras-classe-parmi-les-100-plus-beaux-hotels-du-monde-par-les-hotel-lodge-meetings-awards\/#breadcrumb","itemListElement":[{"@type":"ListItem","position":1,"name":"Home","item":"https:\/\/www.ircad.fr\/"},{"@type":"ListItem","position":2,"name":"L\u2019H\u00f4tel\u00a0Les Haras**** class\u00e9 parmi les 100 plus beaux h\u00f4tels du monde par les \u00ab\u00a0H\u00f4tel &#038; Lodge Meetings &#038; Awards\u00a0\u00bb\u00a0"}]},{"@type":"WebSite","@id":"https:\/\/www.ircad.fr\/#website","url":"https:\/\/www.ircad.fr\/","name":"IRCAD - Laparoscopic training center","description":"There is no better way to learn","potentialAction":[{"@type":"SearchAction","target":{"@type":"EntryPoint","urlTemplate":"https:\/\/www.ircad.fr\/?s={search_term_string}"},"query-input":{"@type":"PropertyValueSpecification","valueRequired":true,"valueName":"search_term_string"}}],"inLanguage":"fr-FR"},{"@type":"Person","@id":"https:\/\/www.ircad.fr\/#\/schema\/person\/84e95c7ff106bd2f9b0e97977075d6e1","name":"Diebold Margaux","image":{"@type":"ImageObject","inLanguage":"fr-FR","@id":"https:\/\/secure.gravatar.com\/avatar\/28bd4df8e3c80bad8daa708a4a5f97c29f129f9721f249485cd15b4fecba1208?s=96&d=mm&r=g","url":"https:\/\/secure.gravatar.com\/avatar\/28bd4df8e3c80bad8daa708a4a5f97c29f129f9721f249485cd15b4fecba1208?s=96&d=mm&r=g","contentUrl":"https:\/\/secure.gravatar.com\/avatar\/28bd4df8e3c80bad8daa708a4a5f97c29f129f9721f249485cd15b4fecba1208?s=96&d=mm&r=g","caption":"Diebold Margaux"},"url":"https:\/\/www.ircad.fr\/fr\/author\/margaux\/"}]}},"publishpress_future_action":{"enabled":false,"date":"2026-05-02 10:28:14","action":"change-status","newStatus":"draft","terms":[],"taxonomy":"category","extraData":[]},"publishpress_future_workflow_manual_trigger":{"enabledWorkflows":[]},"_links":{"self":[{"href":"https:\/\/www.ircad.fr\/fr\/wp-json\/wp\/v2\/posts\/74480","targetHints":{"allow":["GET"]}}],"collection":[{"href":"https:\/\/www.ircad.fr\/fr\/wp-json\/wp\/v2\/posts"}],"about":[{"href":"https:\/\/www.ircad.fr\/fr\/wp-json\/wp\/v2\/types\/post"}],"author":[{"embeddable":true,"href":"https:\/\/www.ircad.fr\/fr\/wp-json\/wp\/v2\/users\/7"}],"replies":[{"embeddable":true,"href":"https:\/\/www.ircad.fr\/fr\/wp-json\/wp\/v2\/comments?post=74480"}],"version-history":[{"count":1,"href":"https:\/\/www.ircad.fr\/fr\/wp-json\/wp\/v2\/posts\/74480\/revisions"}],"predecessor-version":[{"id":74481,"href":"https:\/\/www.ircad.fr\/fr\/wp-json\/wp\/v2\/posts\/74480\/revisions\/74481"}],"wp:featuredmedia":[{"embeddable":true,"href":"https:\/\/www.ircad.fr\/fr\/wp-json\/wp\/v2\/media\/74478"}],"wp:attachment":[{"href":"https:\/\/www.ircad.fr\/fr\/wp-json\/wp\/v2\/media?parent=74480"}],"wp:term":[{"taxonomy":"category","embeddable":true,"href":"https:\/\/www.ircad.fr\/fr\/wp-json\/wp\/v2\/categories?post=74480"},{"taxonomy":"post_tag","embeddable":true,"href":"https:\/\/www.ircad.fr\/fr\/wp-json\/wp\/v2\/tags?post=74480"}],"curies":[{"name":"wp","href":"https:\/\/api.w.org\/{rel}","templated":true}]}}